{"id":3350,"date":"2023-11-28T12:53:12","date_gmt":"2023-11-28T12:53:12","guid":{"rendered":"https:\/\/stepahead.pt\/?p=3350"},"modified":"2025-01-13T11:18:09","modified_gmt":"2025-01-13T11:18:09","slug":"jmj","status":"publish","type":"post","link":"https:\/\/stepahead.pt\/en\/noticias\/jmj\/","title":{"rendered":"Uma Revolu\u00e7\u00e3o Tecnol\u00f3gica na Gest\u00e3o da Jornada Mundial da Juventude"},"content":{"rendered":"<div data-elementor-type=\"wp-post\" data-elementor-id=\"3350\" class=\"elementor elementor-3350\" data-elementor-post-type=\"post\">\n\t\t\t\t\t\t<section class=\"elementor-section elementor-top-section elementor-element elementor-element-75e71ad3 elementor-section-boxed elementor-section-height-default elementor-section-height-default\" data-id=\"75e71ad3\" data-element_type=\"section\" data-e-type=\"section\">\n\t\t\t\t\t\t<div class=\"elementor-container elementor-column-gap-default\">\n\t\t\t\t\t<div class=\"elementor-column elementor-col-100 elementor-top-column elementor-element elementor-element-322e8518\" data-id=\"322e8518\" data-element_type=\"column\" data-e-type=\"column\">\n\t\t\t<div class=\"elementor-widget-wrap elementor-element-populated\">\n\t\t\t\t\t\t<div class=\"elementor-element elementor-element-8a037bf elementor-widget elementor-widget-image\" data-id=\"8a037bf\" data-element_type=\"widget\" data-e-type=\"widget\" data-widget_type=\"image.default\">\n\t\t\t\t<div class=\"elementor-widget-container\">\n\t\t\t\t\t\t\t\t\t\t\t\t\t\t\t<img fetchpriority=\"high\" decoding=\"async\" width=\"1920\" height=\"1080\" src=\"https:\/\/stepahead.pt\/wp-content\/uploads\/2023\/11\/Artigo2_1920x1080.png\" class=\"attachment-full size-full wp-image-3355\" alt=\"\" srcset=\"https:\/\/stepahead.pt\/wp-content\/uploads\/2023\/11\/Artigo2_1920x1080.png 1920w, https:\/\/stepahead.pt\/wp-content\/uploads\/2023\/11\/Artigo2_1920x1080-300x169.png 300w, https:\/\/stepahead.pt\/wp-content\/uploads\/2023\/11\/Artigo2_1920x1080-1024x576.png 1024w, https:\/\/stepahead.pt\/wp-content\/uploads\/2023\/11\/Artigo2_1920x1080-768x432.png 768w, https:\/\/stepahead.pt\/wp-content\/uploads\/2023\/11\/Artigo2_1920x1080-1536x864.png 1536w, https:\/\/stepahead.pt\/wp-content\/uploads\/2023\/11\/Artigo2_1920x1080-1568x882.png 1568w\" sizes=\"(max-width: 1920px) 100vw, 1920px\" \/>\t\t\t\t\t\t\t\t\t\t\t\t\t\t\t<\/div>\n\t\t\t\t<\/div>\n\t\t\t\t<div class=\"elementor-element elementor-element-fda9e88 elementor-widget elementor-widget-text-editor\" data-id=\"fda9e88\" data-element_type=\"widget\" data-e-type=\"widget\" data-widget_type=\"text-editor.default\">\n\t\t\t\t<div class=\"elementor-widget-container\">\n\t\t\t\t\t\t\t\t\t<p>Damos a conhecer o texto integral do artigo publicado no Jornal Econ\u00f3mico na sequ\u00eancia da entrevista ao Presidente do Conselho de Administra\u00e7\u00e3o da Step Ahead Consulting.<\/p>\t\t\t\t\t\t\t\t<\/div>\n\t\t\t\t<\/div>\n\t\t\t\t<div class=\"elementor-element elementor-element-90f4133 elementor-widget elementor-widget-text-editor\" data-id=\"90f4133\" data-element_type=\"widget\" data-e-type=\"widget\" data-widget_type=\"text-editor.default\">\n\t\t\t\t<div class=\"elementor-widget-container\">\n\t\t\t\t\t\t\t\t\t<span>&#8220;<\/span>\t\t\t\t\t\t\t\t<\/div>\n\t\t\t\t<\/div>\n\t\t\t\t<div class=\"elementor-element elementor-element-274ba941 elementor-widget elementor-widget-text-editor\" data-id=\"274ba941\" data-element_type=\"widget\" data-e-type=\"widget\" data-widget_type=\"text-editor.default\">\n\t\t\t\t<div class=\"elementor-widget-container\">\n\t\t\t\t\t\t\t\t\t<h4><strong>Empresa portuguesa gere volunt\u00e1rios e peregrinos:<\/strong><\/h4>\n<h4><strong>\u201cn\u00e3o h\u00e1 margem de erro\u201d<br \/><br \/><\/strong><\/h4>\n<p>A Step Ahead Consulting juntou-se \u00e0 organiza\u00e7\u00e3o da Jornada Mundial da Juventude para centralizar num s\u00f3 sistema a gest\u00e3o do evento, o que \u201cpoupa horas de trabalho volunt\u00e1rio\u201d. Fica uma \u201cpegada tecnol\u00f3gica de Portugal\u201d.<\/p>\n<p>Mais de 300 mil peregrinos de 151 pa\u00edses, cerca de 30 mil volunt\u00e1rios de v\u00e1rios cantos do mundo e uma carga de trabalhos para que nada corra mal. Desta vez, no entanto, todo o processo est\u00e1 a ser centralizado com o contributo de uma tecnol\u00f3gica portuguesa.<\/p>\n<p>A Step Ahead Consulting \u201cajudou a Jornada Mundial da Juventude (JMJ) em toda a an\u00e1lise, consultoria das melhores pr\u00e1ticas e processos a implementar\u201d, afirma Paulo Vi\u00e7oso Guerra, presidente da empresa. Foi executada \u201ca gest\u00e3o de todos os volunt\u00e1rios, dos peregrinos, do Festival da Juventude, dos media, dos consentimentos e integra\u00e7\u00e3o com a plataforma de inscri\u00e7\u00f5es do Vaticano, e toda a credencia\u00e7\u00e3o do evento\u201d.<\/p>\n<p>Esta \u00e9 \u201ca primeira Jornada Mundial da Juventude que conta com um sistema onde toda a gest\u00e3o de entidades se encontra centralizada e os processos e \u201cworkflows\u201d entre departamentos est\u00e3o pr\u00e9-definidos, poupando assim horas de trabalho volunt\u00e1rio\u201d, explica o gestor, que conta deixar \u201ca pegada tecnol\u00f3gica de Portugal implementada\u201d.<\/p>\n<p>O projeto est\u00e1 a ser executado por uma \u201cequipa \u00fanica de projeto \u2013 Step Ahead Consulting e JMJ\u201d, sendo poss\u00edvel retirar \u201cv\u00e1rios dados e m\u00e9tricas em tempo real\u201d, que s\u00e3o \u201cfundamentais para a organiza\u00e7\u00e3o do evento e prepara\u00e7\u00e3o de todos os planos de conting\u00eancia necess\u00e1rios\u201d, acrescenta o CEO.<\/p>\n<p>Rita Canh\u00e3o, diretora comercial da empresa, garante ainda que n\u00e3o houve grandes desafios a ultrapassar na implementa\u00e7\u00e3o do projeto \u201cTem um fim bem definido e como tal n\u00e3o h\u00e1 margem para erros e derrapagens\u201d, nota a respons\u00e1vel, garantindo que \u201cdesde a primeira reuni\u00e3o do projeto, foram logo identificados os principais problemas a mitigar\u201d.<\/p>\n<p>\u00a0<\/p>\n<p>\u00a0<\/p>\n<h4><strong>\u00c0 ca\u00e7a de nichos de mercado<br \/><br \/><\/strong><\/h4>\n<p>Criada no in\u00edcio do s\u00e9culo com uma equipa inicial de 5 pessoas, a Step Ahead Consulting especializou-se em simplificar, digitalizar e otimizar processos, \u201cpassando rapidamente para o mercado internacional\u201d, com um primeiro foco em registos e notariado, recorda Paulo Vi\u00e7oso Guerra.<\/p>\n<p>Hoje, com investimento de um \u00fanico acionista e totalmente nacional, a Step Ahead Consulting conta com 97 trabalhadores, fatura seis milh\u00f5es de euros e tenta descobrir \u201cnichos de mercado\u201d. \u201cEssa \u00e9 a nossa ess\u00eancia\u201d, sublinha o CEO.<\/p>\n<p>Entre os seus principais clientes est\u00e3o o Minist\u00e9rio da Justi\u00e7a, a Associa\u00e7\u00e3o Portuguesa de Seguradores, a Sonae, a Jer\u00f3nimo Martins, a Navigator, o SL Benfica e a Universidade Cat\u00f3lica.<\/p>\n<p>V\u00edtor Rodrigues Oliveira \u2013 Jornal de Neg\u00f3cios<\/p>\n<p>\u00a0<\/p>\n<p>\u00a0<\/p>\n<p><!-- \/wp:paragraph --><\/p>\t\t\t\t\t\t\t\t<\/div>\n\t\t\t\t<\/div>\n\t\t\t\t<div class=\"elementor-element elementor-element-73d2e2b elementor-widget elementor-widget-text-editor\" data-id=\"73d2e2b\" data-element_type=\"widget\" data-e-type=\"widget\" data-widget_type=\"text-editor.default\">\n\t\t\t\t<div class=\"elementor-widget-container\">\n\t\t\t\t\t\t\t\t\t<span>&#8220;<\/span>\t\t\t\t\t\t\t\t<\/div>\n\t\t\t\t<\/div>\n\t\t\t\t<div class=\"elementor-element elementor-element-92693b5 elementor-widget elementor-widget-text-editor\" data-id=\"92693b5\" data-element_type=\"widget\" data-e-type=\"widget\" data-widget_type=\"text-editor.default\">\n\t\t\t\t<div class=\"elementor-widget-container\">\n\t\t\t\t\t\t\t\t\t<p>Veja o artigo original do Jornal de Neg\u00f3cios de 03 de agosto de 2023 <span style=\"text-decoration: underline;\"><strong><a href=\"https:\/\/www.jornaldenegocios.pt\/empresas\/tecnologias\/detalhe\/empresa-portuguesa-gere-voluntarios-e-peregrinos-nao-ha-margem-de-erro\">here<\/a><\/strong><\/span>.<\/p>\t\t\t\t\t\t\t\t<\/div>\n\t\t\t\t<\/div>\n\t\t\t\t\t<\/div>\n\t\t<\/div>\n\t\t\t\t\t<\/div>\n\t\t<\/section>\n\t\t\t\t<\/div>","protected":false},"excerpt":{"rendered":"<p>A Step Ahead Consulting assume um papel decisivo na gest\u00e3o eficiente da Jornada Mundial da Juventude, unindo-se \u00e0 organiza\u00e7\u00e3o para centralizar, num sistema inovador, a coordena\u00e7\u00e3o de mais de 300 mil peregrinos e 30 mil volunt\u00e1rios de 151 pa\u00edses.<\/p>","protected":false},"author":3,"featured_media":3395,"comment_status":"closed","ping_status":"open","sticky":false,"template":"","format":"standard","meta":{"_acf_changed":false,"episode_type":"","audio_file":"","cover_image":"","cover_image_id":"","duration":"","filesize":"","date_recorded":"","explicit":"","block":"","filesize_raw":"","footnotes":"[]"},"categories":[7],"tags":[],"class_list":["post-3350","post","type-post","status-publish","format-standard","has-post-thumbnail","hentry","category-noticias"],"acf":[],"yoast_head":"<!-- This site is optimized with the Yoast SEO plugin v27.5 - https:\/\/yoast.com\/product\/yoast-seo-wordpress\/ -->\n<title>Uma Revolu\u00e7\u00e3o Tecnol\u00f3gica na Gest\u00e3o da Jornada Mundial da Juventude<\/title>\n<meta name=\"description\" content=\"Um sistema inovador, permitiu coordenar mais de 300 mil peregrinos e 30 mil volunt\u00e1rios de 151 pa\u00edses.\" \/>\n<meta name=\"robots\" content=\"index, follow, max-snippet:-1, max-image-preview:large, max-video-preview:-1\" \/>\n<link rel=\"canonical\" href=\"https:\/\/stepahead.pt\/en\/noticias\/jmj\/\" \/>\n<meta property=\"og:locale\" content=\"en_US\" \/>\n<meta property=\"og:type\" content=\"article\" \/>\n<meta property=\"og:title\" content=\"Uma Revolu\u00e7\u00e3o Tecnol\u00f3gica na Gest\u00e3o da Jornada Mundial da Juventude\" \/>\n<meta property=\"og:description\" content=\"Um sistema inovador, permitiu coordenar mais de 300 mil peregrinos e 30 mil volunt\u00e1rios de 151 pa\u00edses.\" \/>\n<meta property=\"og:url\" content=\"https:\/\/stepahead.pt\/en\/noticias\/jmj\/\" \/>\n<meta property=\"og:site_name\" content=\"Step Ahead Consulting\" \/>\n<meta property=\"article:publisher\" content=\"https:\/\/www.facebook.com\/StepAheadConsultingPortugal\/\" \/>\n<meta property=\"article:published_time\" content=\"2023-11-28T12:53:12+00:00\" \/>\n<meta property=\"article:modified_time\" content=\"2025-01-13T11:18:09+00:00\" \/>\n<meta property=\"og:image\" content=\"https:\/\/stepahead.pt\/wp-content\/uploads\/2023\/11\/Artigo2_1280x720-1.png\" \/>\n\t<meta property=\"og:image:width\" content=\"1280\" \/>\n\t<meta property=\"og:image:height\" content=\"720\" \/>\n\t<meta property=\"og:image:type\" content=\"image\/png\" \/>\n<meta name=\"author\" content=\"Inacio Amerio\" \/>\n<meta name=\"twitter:card\" content=\"summary_large_image\" \/>\n<meta name=\"twitter:creator\" content=\"@StepAheadCons\" \/>\n<meta name=\"twitter:site\" content=\"@StepAheadCons\" \/>\n<meta name=\"twitter:label1\" content=\"Written by\" \/>\n\t<meta name=\"twitter:data1\" content=\"Inacio Amerio\" \/>\n\t<meta name=\"twitter:label2\" content=\"Est. reading time\" \/>\n\t<meta name=\"twitter:data2\" content=\"3 minutes\" \/>\n<script type=\"application\/ld+json\" class=\"yoast-schema-graph\">{\"@context\":\"https:\\\/\\\/schema.org\",\"@graph\":[{\"@type\":\"Article\",\"@id\":\"https:\\\/\\\/stepahead.pt\\\/noticias\\\/jmj\\\/#article\",\"isPartOf\":{\"@id\":\"https:\\\/\\\/stepahead.pt\\\/noticias\\\/jmj\\\/\"},\"author\":{\"name\":\"Inacio Amerio\",\"@id\":\"https:\\\/\\\/stepahead.pt\\\/#\\\/schema\\\/person\\\/4541529a50b438015497d54b1bab8b6b\"},\"headline\":\"Uma Revolu\u00e7\u00e3o Tecnol\u00f3gica na Gest\u00e3o da Jornada Mundial da Juventude\",\"datePublished\":\"2023-11-28T12:53:12+00:00\",\"dateModified\":\"2025-01-13T11:18:09+00:00\",\"mainEntityOfPage\":{\"@id\":\"https:\\\/\\\/stepahead.pt\\\/noticias\\\/jmj\\\/\"},\"wordCount\":520,\"publisher\":{\"@id\":\"https:\\\/\\\/stepahead.pt\\\/#organization\"},\"image\":{\"@id\":\"https:\\\/\\\/stepahead.pt\\\/noticias\\\/jmj\\\/#primaryimage\"},\"thumbnailUrl\":\"https:\\\/\\\/stepahead.pt\\\/wp-content\\\/uploads\\\/2023\\\/11\\\/Artigo2_1280x720-1.png\",\"articleSection\":[\"Not\u00edcias\"],\"inLanguage\":\"en-US\"},{\"@type\":\"WebPage\",\"@id\":\"https:\\\/\\\/stepahead.pt\\\/noticias\\\/jmj\\\/\",\"url\":\"https:\\\/\\\/stepahead.pt\\\/noticias\\\/jmj\\\/\",\"name\":\"Uma Revolu\u00e7\u00e3o Tecnol\u00f3gica na Gest\u00e3o da Jornada Mundial da Juventude\",\"isPartOf\":{\"@id\":\"https:\\\/\\\/stepahead.pt\\\/#website\"},\"primaryImageOfPage\":{\"@id\":\"https:\\\/\\\/stepahead.pt\\\/noticias\\\/jmj\\\/#primaryimage\"},\"image\":{\"@id\":\"https:\\\/\\\/stepahead.pt\\\/noticias\\\/jmj\\\/#primaryimage\"},\"thumbnailUrl\":\"https:\\\/\\\/stepahead.pt\\\/wp-content\\\/uploads\\\/2023\\\/11\\\/Artigo2_1280x720-1.png\",\"datePublished\":\"2023-11-28T12:53:12+00:00\",\"dateModified\":\"2025-01-13T11:18:09+00:00\",\"description\":\"Um sistema inovador, permitiu coordenar mais de 300 mil peregrinos e 30 mil volunt\u00e1rios de 151 pa\u00edses.\",\"breadcrumb\":{\"@id\":\"https:\\\/\\\/stepahead.pt\\\/noticias\\\/jmj\\\/#breadcrumb\"},\"inLanguage\":\"en-US\",\"potentialAction\":[{\"@type\":\"ReadAction\",\"target\":[\"https:\\\/\\\/stepahead.pt\\\/noticias\\\/jmj\\\/\"]}]},{\"@type\":\"ImageObject\",\"inLanguage\":\"en-US\",\"@id\":\"https:\\\/\\\/stepahead.pt\\\/noticias\\\/jmj\\\/#primaryimage\",\"url\":\"https:\\\/\\\/stepahead.pt\\\/wp-content\\\/uploads\\\/2023\\\/11\\\/Artigo2_1280x720-1.png\",\"contentUrl\":\"https:\\\/\\\/stepahead.pt\\\/wp-content\\\/uploads\\\/2023\\\/11\\\/Artigo2_1280x720-1.png\",\"width\":1280,\"height\":720},{\"@type\":\"BreadcrumbList\",\"@id\":\"https:\\\/\\\/stepahead.pt\\\/noticias\\\/jmj\\\/#breadcrumb\",\"itemListElement\":[{\"@type\":\"ListItem\",\"position\":1,\"name\":\"In\u00edcio\",\"item\":\"https:\\\/\\\/stepahead.pt\\\/\"},{\"@type\":\"ListItem\",\"position\":2,\"name\":\"Uma Revolu\u00e7\u00e3o Tecnol\u00f3gica na Gest\u00e3o da Jornada Mundial da Juventude\"}]},{\"@type\":\"WebSite\",\"@id\":\"https:\\\/\\\/stepahead.pt\\\/#website\",\"url\":\"https:\\\/\\\/stepahead.pt\\\/\",\"name\":\"Step Ahead Consulting\",\"description\":\"\",\"publisher\":{\"@id\":\"https:\\\/\\\/stepahead.pt\\\/#organization\"},\"potentialAction\":[{\"@type\":\"SearchAction\",\"target\":{\"@type\":\"EntryPoint\",\"urlTemplate\":\"https:\\\/\\\/stepahead.pt\\\/?s={search_term_string}\"},\"query-input\":{\"@type\":\"PropertyValueSpecification\",\"valueRequired\":true,\"valueName\":\"search_term_string\"}}],\"inLanguage\":\"en-US\"},{\"@type\":\"Organization\",\"@id\":\"https:\\\/\\\/stepahead.pt\\\/#organization\",\"name\":\"Step Ahead Consulting\",\"url\":\"https:\\\/\\\/stepahead.pt\\\/\",\"logo\":{\"@type\":\"ImageObject\",\"inLanguage\":\"en-US\",\"@id\":\"https:\\\/\\\/stepahead.pt\\\/#\\\/schema\\\/logo\\\/image\\\/\",\"url\":\"https:\\\/\\\/stepahead.pt\\\/wp-content\\\/uploads\\\/2021\\\/09\\\/sac-favicon.svg\",\"contentUrl\":\"https:\\\/\\\/stepahead.pt\\\/wp-content\\\/uploads\\\/2021\\\/09\\\/sac-favicon.svg\",\"width\":1754,\"height\":1754,\"caption\":\"Step Ahead Consulting\"},\"image\":{\"@id\":\"https:\\\/\\\/stepahead.pt\\\/#\\\/schema\\\/logo\\\/image\\\/\"},\"sameAs\":[\"https:\\\/\\\/www.facebook.com\\\/StepAheadConsultingPortugal\\\/\",\"https:\\\/\\\/x.com\\\/StepAheadCons\",\"https:\\\/\\\/www.linkedin.com\\\/company\\\/step-ahead-consulting-sa\\\/mycompany\\\/\",\"https:\\\/\\\/www.instagram.com\\\/stepaheadconsulting\\\/\"]},{\"@type\":\"Person\",\"@id\":\"https:\\\/\\\/stepahead.pt\\\/#\\\/schema\\\/person\\\/4541529a50b438015497d54b1bab8b6b\",\"name\":\"Inacio Amerio\"}]}<\/script>\n<!-- \/ Yoast SEO plugin. -->","yoast_head_json":{"title":"Uma Revolu\u00e7\u00e3o Tecnol\u00f3gica na Gest\u00e3o da Jornada Mundial da Juventude","description":"Um sistema inovador, permitiu coordenar mais de 300 mil peregrinos e 30 mil volunt\u00e1rios de 151 pa\u00edses.","robots":{"index":"index","follow":"follow","max-snippet":"max-snippet:-1","max-image-preview":"max-image-preview:large","max-video-preview":"max-video-preview:-1"},"canonical":"https:\/\/stepahead.pt\/en\/noticias\/jmj\/","og_locale":"en_US","og_type":"article","og_title":"Uma Revolu\u00e7\u00e3o Tecnol\u00f3gica na Gest\u00e3o da Jornada Mundial da Juventude","og_description":"Um sistema inovador, permitiu coordenar mais de 300 mil peregrinos e 30 mil volunt\u00e1rios de 151 pa\u00edses.","og_url":"https:\/\/stepahead.pt\/en\/noticias\/jmj\/","og_site_name":"Step Ahead Consulting","article_publisher":"https:\/\/www.facebook.com\/StepAheadConsultingPortugal\/","article_published_time":"2023-11-28T12:53:12+00:00","article_modified_time":"2025-01-13T11:18:09+00:00","og_image":[{"width":1280,"height":720,"url":"https:\/\/stepahead.pt\/wp-content\/uploads\/2023\/11\/Artigo2_1280x720-1.png","type":"image\/png"}],"author":"Inacio Amerio","twitter_card":"summary_large_image","twitter_creator":"@StepAheadCons","twitter_site":"@StepAheadCons","twitter_misc":{"Written by":"Inacio Amerio","Est. reading time":"3 minutes"},"schema":{"@context":"https:\/\/schema.org","@graph":[{"@type":"Article","@id":"https:\/\/stepahead.pt\/noticias\/jmj\/#article","isPartOf":{"@id":"https:\/\/stepahead.pt\/noticias\/jmj\/"},"author":{"name":"Inacio Amerio","@id":"https:\/\/stepahead.pt\/#\/schema\/person\/4541529a50b438015497d54b1bab8b6b"},"headline":"Uma Revolu\u00e7\u00e3o Tecnol\u00f3gica na Gest\u00e3o da Jornada Mundial da Juventude","datePublished":"2023-11-28T12:53:12+00:00","dateModified":"2025-01-13T11:18:09+00:00","mainEntityOfPage":{"@id":"https:\/\/stepahead.pt\/noticias\/jmj\/"},"wordCount":520,"publisher":{"@id":"https:\/\/stepahead.pt\/#organization"},"image":{"@id":"https:\/\/stepahead.pt\/noticias\/jmj\/#primaryimage"},"thumbnailUrl":"https:\/\/stepahead.pt\/wp-content\/uploads\/2023\/11\/Artigo2_1280x720-1.png","articleSection":["Not\u00edcias"],"inLanguage":"en-US"},{"@type":"WebPage","@id":"https:\/\/stepahead.pt\/noticias\/jmj\/","url":"https:\/\/stepahead.pt\/noticias\/jmj\/","name":"Uma Revolu\u00e7\u00e3o Tecnol\u00f3gica na Gest\u00e3o da Jornada Mundial da Juventude","isPartOf":{"@id":"https:\/\/stepahead.pt\/#website"},"primaryImageOfPage":{"@id":"https:\/\/stepahead.pt\/noticias\/jmj\/#primaryimage"},"image":{"@id":"https:\/\/stepahead.pt\/noticias\/jmj\/#primaryimage"},"thumbnailUrl":"https:\/\/stepahead.pt\/wp-content\/uploads\/2023\/11\/Artigo2_1280x720-1.png","datePublished":"2023-11-28T12:53:12+00:00","dateModified":"2025-01-13T11:18:09+00:00","description":"Um sistema inovador, permitiu coordenar mais de 300 mil peregrinos e 30 mil volunt\u00e1rios de 151 pa\u00edses.","breadcrumb":{"@id":"https:\/\/stepahead.pt\/noticias\/jmj\/#breadcrumb"},"inLanguage":"en-US","potentialAction":[{"@type":"ReadAction","target":["https:\/\/stepahead.pt\/noticias\/jmj\/"]}]},{"@type":"ImageObject","inLanguage":"en-US","@id":"https:\/\/stepahead.pt\/noticias\/jmj\/#primaryimage","url":"https:\/\/stepahead.pt\/wp-content\/uploads\/2023\/11\/Artigo2_1280x720-1.png","contentUrl":"https:\/\/stepahead.pt\/wp-content\/uploads\/2023\/11\/Artigo2_1280x720-1.png","width":1280,"height":720},{"@type":"BreadcrumbList","@id":"https:\/\/stepahead.pt\/noticias\/jmj\/#breadcrumb","itemListElement":[{"@type":"ListItem","position":1,"name":"In\u00edcio","item":"https:\/\/stepahead.pt\/"},{"@type":"ListItem","position":2,"name":"Uma Revolu\u00e7\u00e3o Tecnol\u00f3gica na Gest\u00e3o da Jornada Mundial da Juventude"}]},{"@type":"WebSite","@id":"https:\/\/stepahead.pt\/#website","url":"https:\/\/stepahead.pt\/","name":"Step Ahead Consulting","description":"","publisher":{"@id":"https:\/\/stepahead.pt\/#organization"},"potentialAction":[{"@type":"SearchAction","target":{"@type":"EntryPoint","urlTemplate":"https:\/\/stepahead.pt\/?s={search_term_string}"},"query-input":{"@type":"PropertyValueSpecification","valueRequired":true,"valueName":"search_term_string"}}],"inLanguage":"en-US"},{"@type":"Organization","@id":"https:\/\/stepahead.pt\/#organization","name":"Step Ahead Consulting","url":"https:\/\/stepahead.pt\/","logo":{"@type":"ImageObject","inLanguage":"en-US","@id":"https:\/\/stepahead.pt\/#\/schema\/logo\/image\/","url":"https:\/\/stepahead.pt\/wp-content\/uploads\/2021\/09\/sac-favicon.svg","contentUrl":"https:\/\/stepahead.pt\/wp-content\/uploads\/2021\/09\/sac-favicon.svg","width":1754,"height":1754,"caption":"Step Ahead Consulting"},"image":{"@id":"https:\/\/stepahead.pt\/#\/schema\/logo\/image\/"},"sameAs":["https:\/\/www.facebook.com\/StepAheadConsultingPortugal\/","https:\/\/x.com\/StepAheadCons","https:\/\/www.linkedin.com\/company\/step-ahead-consulting-sa\/mycompany\/","https:\/\/www.instagram.com\/stepaheadconsulting\/"]},{"@type":"Person","@id":"https:\/\/stepahead.pt\/#\/schema\/person\/4541529a50b438015497d54b1bab8b6b","name":"Inacio Amerio"}]}},"_links":{"self":[{"href":"https:\/\/stepahead.pt\/en\/wp-json\/wp\/v2\/posts\/3350","targetHints":{"allow":["GET"]}}],"collection":[{"href":"https:\/\/stepahead.pt\/en\/wp-json\/wp\/v2\/posts"}],"about":[{"href":"https:\/\/stepahead.pt\/en\/wp-json\/wp\/v2\/types\/post"}],"author":[{"embeddable":true,"href":"https:\/\/stepahead.pt\/en\/wp-json\/wp\/v2\/users\/3"}],"replies":[{"embeddable":true,"href":"https:\/\/stepahead.pt\/en\/wp-json\/wp\/v2\/comments?post=3350"}],"version-history":[{"count":0,"href":"https:\/\/stepahead.pt\/en\/wp-json\/wp\/v2\/posts\/3350\/revisions"}],"wp:featuredmedia":[{"embeddable":true,"href":"https:\/\/stepahead.pt\/en\/wp-json\/wp\/v2\/media\/3395"}],"wp:attachment":[{"href":"https:\/\/stepahead.pt\/en\/wp-json\/wp\/v2\/media?parent=3350"}],"wp:term":[{"taxonomy":"category","embeddable":true,"href":"https:\/\/stepahead.pt\/en\/wp-json\/wp\/v2\/categories?post=3350"},{"taxonomy":"post_tag","embeddable":true,"href":"https:\/\/stepahead.pt\/en\/wp-json\/wp\/v2\/tags?post=3350"}],"curies":[{"name":"wp","href":"https:\/\/api.w.org\/{rel}","templated":true}]}}